{"id":6606,"date":"2026-03-15T18:40:32","date_gmt":"2026-03-15T17:40:32","guid":{"rendered":"https:\/\/regenlife.com\/?p=6606"},"modified":"2026-03-15T18:40:32","modified_gmt":"2026-03-15T17:40:32","slug":"alzheimer-regenlife-ouvre-deux-nouveaux-centres-a-paris-pour-son-essai-clinique","status":"publish","type":"post","link":"https:\/\/regenlife.com\/fr\/2026\/03\/15\/alzheimer-regenlife-ouvre-deux-nouveaux-centres-a-paris-pour-son-essai-clinique\/","title":{"rendered":"Alzheimer : REGEnLIFE ouvre deux nouveaux centres \u00e0 Paris pour son essai clinique"},"content":{"rendered":"<div class=\"wpb-content-wrapper\"><p>[vc_row custom_css_code=\u00a0\u00bbLmltZy1ib3JkZXItcmFkaXVzJTIwJTdCJTBBJTIwJTIwJTIwJTIwbWFyZ2luLWJvdHRvbSUzQSUyMDAlMjFpbXBvcnRhbnQlM0IlMEElN0QlMEEuaW1nLWJvcmRlci1yYWRpdXMlMjBpbWclN0IlMEElMjAlMjAlMjAlMjBib3JkZXItcmFkaXVzJTNBJTIwMzNweCUzQiUwQSU3RA==\u00a0\u00bb css=\u00a0\u00bb.vc_custom_1751533504577{padding-bottom: 0px !important;}\u00a0\u00bb][vc_column][vc_row_inner][vc_column_inner][vc_single_image image=\u00a0\u00bb6610&Prime; img_size=\u00a0\u00bbfull\u00a0\u00bb alignment=\u00a0\u00bbcenter\u00a0\u00bb css=\u00a0\u00bb.vc_custom_1773596340050{padding-top: 50px !important;padding-bottom: 0px !important;}\u00a0\u00bb][vc_column_text css=\u00a0\u00bb\u00a0\u00bb]<\/p>\n<div class=\"thegem-te-heading thegem-custom-6867b5b7947018465\">\n<p class=\"access\"><strong>REGEnLIFE, soci\u00e9t\u00e9 fran\u00e7aise sp\u00e9cialis\u00e9e dans la recherche et le d\u00e9veloppement de technologies innovantes en neurostimulation pour la pr\u00e9vention et le traitement de maladies neurod\u00e9g\u00e9n\u00e9ratives, annonce l\u2019extension de son essai clinique pivot sur la maladie d\u2019Alzheimer, Light4Life, avec l\u2019ouverture de deux nouveaux centres hospitaliers \u00e0 Paris : l\u2019un \u00e0 l\u2019h\u00f4pital Lariboisi\u00e8re et l\u2019autre \u00e0 l\u2019h\u00f4pital Broca.<\/strong><\/p>\n<p>&nbsp;<\/p>\n<\/div>\n<p>[\/vc_column_text][vc_column_text css=\u00a0\u00bb\u00a0\u00bb]La maladie d\u2019Alzheimer est une maladie multifactorielle et complexe. Elle repose sur l\u2019accumulation de 2 prot\u00e9ines toxiques dans le cerveau, la prot\u00e9ine beta amylo\u00efde et la prot\u00e9ine tau. D\u2019autres d\u00e9r\u00e9gulations c\u00e9r\u00e9brales y sont \u00e9galement observ\u00e9es.<\/p>\n<p>N\u00e9anmoins, on ne conna\u00eet pas encore son origine. De plus, il reste encore beaucoup d\u2019errance diagnostique et il n\u2019existe toujours pas de traitements permettant de stopper l\u2019\u00e9volution de la maladie.<\/p>\n<p>Dans ce contexte et apr\u00e8s le lancement initial en partenariat avec le CHU de Toulouse en septembre 2023 et l\u2019ouverture de deux autres centres en Occitanie \u00e0 Lavaur et Castres, ces nouvelles implantations \u00e0 Paris devraient permettre d\u2019acc\u00e9l\u00e9rer le recrutement de 108 patients \u00e2g\u00e9s de 55 \u00e0 85 ans, atteints de la maladie d\u2019Alzheimer au stade l\u00e9ger \u00e0 mod\u00e9r\u00e9.<\/p>\n<p>Cette \u00e9tude est pilot\u00e9e par l\u2019investigateur principal, le Dr Julien Delrieu, qui sera rejoint par de nouveaux investigateurs, sp\u00e9cialistes reconnus de la maladie d\u2019Alzheimer, le Pr Claire Paquet et le Dr Marie-Laure Seux.<\/p>\n<p>\u00ab <em>L\u2019essai clinique pivot en cours constitue une avanc\u00e9e majeure pour explorer de nouvelles strat\u00e9gies th\u00e9rapeutiques face \u00e0 la maladie d\u2019Alzheimer. En ciblant \u00e0 la fois le cerveau et l\u2019intestin, cette approche novatrice pourrait am\u00e9liorer durablement la prise en charge de la maladie\u00a0<\/em>\u00bb explique le Dr Julien Delrieu, neurog\u00e9riatre au CHU de Toulouse.<\/p>\n<p>Et de pr\u00e9ciser\u00a0:\u00a0\u00ab\u00a0<em>L\u2019objectif est d\u2019\u00e9valuer son effet sur la progression des sympt\u00f4mes et la qualit\u00e9 de vie des patients, avec l\u2019espoir de proposer une alternative compl\u00e9mentaire aux traitements existants<\/em> \u00bb.<\/p>\n<p>Aujourd&rsquo;hui, nous disposons d&rsquo;un diagnostic de la maladie fiable mais tardif. Les traitements actuels att\u00e9nuent les sympt\u00f4mes mais ne modifient pas la progression de la maladie, qui touche 900.000 personnes en France et compte 225.000 nouveaux cas diagnostiqu\u00e9s chaque ann\u00e9e.[\/vc_column_text][vc_column_text css=\u00a0\u00bb\u00a0\u00bb]<a href=\"https:\/\/www.senioractu.com\/Alzheimer-REGEnLIFE-ouvre-deux-nouveaux-centres-a-Paris-pour-son-essai-clinique_a26371.html\">Lien source<\/a>[\/vc_column_text][\/vc_column_inner][\/vc_row_inner][\/vc_column][\/vc_row]<\/p>\n<\/div>","protected":false},"excerpt":{"rendered":"<p>[vc_row custom_css_code=\u00a0\u00bbLmltZy1ib3JkZXItcmFkaXVzJTIwJTdCJTBBJTIwJTIwJTIwJTIwbWFyZ2luLWJvdHRvbSUzQSUyMDAlMjFpbXBvcnRhbnQlM0IlMEElN0QlMEEuaW1nLWJvcmRlci1yYWRpdXMlMjBpbWclN0IlMEElMjAlMjAlMjAlMjBib3JkZXItcmFkaXVzJTNBJTIwMzNweCUzQiUwQSU3RA==\u00a0\u00bb css=\u00a0\u00bb.vc_custom_1751533504577{padding-bottom: 0px !important;}\u00a0\u00bb][vc_column][vc_row_inner][vc_column_inner][vc_single_image image=\u00a0\u00bb6610&Prime; img_size=\u00a0\u00bbfull\u00a0\u00bb alignment=\u00a0\u00bbcenter\u00a0\u00bb css=\u00a0\u00bb.vc_custom_1773596340050{padding-top: 50px !important;padding-bottom: 0px !important;}\u00a0\u00bb][vc_column_text css=\u00a0\u00bb\u00a0\u00bb] REGEnLIFE, soci\u00e9t\u00e9 fran\u00e7aise sp\u00e9cialis\u00e9e dans la&#8230;<\/p>\n","protected":false},"author":5,"featured_media":6610,"comment_status":"closed","ping_status":"open","sticky":false,"template":"","format":"standard","meta":{"_acf_changed":false,"footnotes":""},"categories":[61],"tags":[79,65],"class_list":{"0":"post-6606","1":"post","2":"type-post","3":"status-publish","4":"format-standard","5":"has-post-thumbnail","7":"category-alzheimer","8":"tag-alzheimer","9":"tag-articles-de-presse"},"acf":[],"menu_order":0,"_links":{"self":[{"href":"https:\/\/regenlife.com\/fr\/wp-json\/wp\/v2\/posts\/6606","targetHints":{"allow":["GET"]}}],"collection":[{"href":"https:\/\/regenlife.com\/fr\/wp-json\/wp\/v2\/posts"}],"about":[{"href":"https:\/\/regenlife.com\/fr\/wp-json\/wp\/v2\/types\/post"}],"author":[{"embeddable":true,"href":"https:\/\/regenlife.com\/fr\/wp-json\/wp\/v2\/users\/5"}],"replies":[{"embeddable":true,"href":"https:\/\/regenlife.com\/fr\/wp-json\/wp\/v2\/comments?post=6606"}],"version-history":[{"count":2,"href":"https:\/\/regenlife.com\/fr\/wp-json\/wp\/v2\/posts\/6606\/revisions"}],"predecessor-version":[{"id":6611,"href":"https:\/\/regenlife.com\/fr\/wp-json\/wp\/v2\/posts\/6606\/revisions\/6611"}],"wp:featuredmedia":[{"embeddable":true,"href":"https:\/\/regenlife.com\/fr\/wp-json\/wp\/v2\/media\/6610"}],"wp:attachment":[{"href":"https:\/\/regenlife.com\/fr\/wp-json\/wp\/v2\/media?parent=6606"}],"wp:term":[{"taxonomy":"category","embeddable":true,"href":"https:\/\/regenlife.com\/fr\/wp-json\/wp\/v2\/categories?post=6606"},{"taxonomy":"post_tag","embeddable":true,"href":"https:\/\/regenlife.com\/fr\/wp-json\/wp\/v2\/tags?post=6606"}],"curies":[{"name":"wp","href":"https:\/\/api.w.org\/{rel}","templated":true}]}}