{"id":6608,"date":"2026-03-15T18:43:19","date_gmt":"2026-03-15T17:43:19","guid":{"rendered":"https:\/\/regenlife.com\/?p=6608"},"modified":"2026-03-15T18:43:19","modified_gmt":"2026-03-15T17:43:19","slug":"initiatives-ouverture-de-deux-nouveaux-centres-a-paris-pour-un-essai-clinique-sur-la-maladie-dalzheimer","status":"publish","type":"post","link":"https:\/\/regenlife.com\/fr\/2026\/03\/15\/initiatives-ouverture-de-deux-nouveaux-centres-a-paris-pour-un-essai-clinique-sur-la-maladie-dalzheimer\/","title":{"rendered":"[Initiatives] Ouverture de deux nouveaux centres \u00e0 Paris pour un essai clinique sur la maladie d&rsquo;Alzheimer"},"content":{"rendered":"<div class=\"wpb-content-wrapper\"><p>[vc_row custom_css_code=\u00a0\u00bbLmltZy1ib3JkZXItcmFkaXVzJTIwJTdCJTBBJTIwJTIwJTIwJTIwbWFyZ2luLWJvdHRvbSUzQSUyMDAlMjFpbXBvcnRhbnQlM0IlMEElN0QlMEEuaW1nLWJvcmRlci1yYWRpdXMlMjBpbWclN0IlMEElMjAlMjAlMjAlMjBib3JkZXItcmFkaXVzJTNBJTIwMzNweCUzQiUwQSU3RA==\u00a0\u00bb css=\u00a0\u00bb.vc_custom_1751533504577{padding-bottom: 0px !important;}\u00a0\u00bb][vc_column][vc_row_inner][vc_column_inner][vc_single_image image=\u00a0\u00bb6603&Prime; img_size=\u00a0\u00bbfull\u00a0\u00bb alignment=\u00a0\u00bbcenter\u00a0\u00bb css=\u00a0\u00bb.vc_custom_1773596088788{padding-top: 50px !important;padding-bottom: 0px !important;}\u00a0\u00bb][vc_column_text css=\u00a0\u00bb\u00a0\u00bb]<\/p>\n<div class=\"thegem-te-heading thegem-custom-6867b5b7947018465\">\n<p><strong>REGEnLIFE, soci\u00e9t\u00e9 fran\u00e7aise sp\u00e9cialis\u00e9e dans la recherche et le d\u00e9veloppement de technologies innovantes en neurostimulation pour la pr\u00e9vention et le traitement de maladies neurod\u00e9g\u00e9n\u00e9ratives, annonce l\u2019extension de son essai clinique pivot sur la maladie d\u2019Alzheimer, Light4Life, avec l\u2019ouverture de deux nouveaux centres hospitaliers \u00e0 Paris : l\u2019h\u00f4pital Lariboisi\u00e8re, et <\/strong><strong>l\u2019h\u00f4pital Broca. <\/strong><\/p>\n<p><strong>Apr\u00e8s le lancement initial en partenariat avec le CHU de Toulouse en septembre 2023 et l\u2019ouverture de deux autres centres en Occitanie \u00e0 Lavaur et Castres, ces nouvelles implantations \u00e0 Paris permettront d\u2019acc\u00e9l\u00e9rer le recrutement des patients \u00e2g\u00e9s de 55 \u00e0 85 ans, atteints de la maladie d\u2019Alzheimer au stade l\u00e9ger \u00e0 mod\u00e9r\u00e9. <\/strong><\/p>\n<p><strong>L\u2019\u00e9tude pilot\u00e9e par l\u2019investigateur principal, le Dr Julien Delrieu, sera ainsi rejoint par de nouveaux investigateurs, sp\u00e9cialistes reconnus de la maladie d\u2019Alzheimer, le Pr Claire Paquet et le Dr Marie-Laure Seux. <\/strong><\/p>\n<p>&nbsp;<\/p>\n<\/div>\n<p>[\/vc_column_text][vc_column_text css=\u00a0\u00bb\u00a0\u00bb]<b>Light4Life, une \u00e9tude porteuse d\u2019espoir pour les malades atteints de la maladie d\u2019Alzheimer <\/b>[\/vc_column_text][vc_column_text css=\u00a0\u00bb\u00a0\u00bb]<strong>108 patients \u00e2g\u00e9s de 55 \u00e0 85 ans atteints de la maladie d\u2019Alzheimer au stade l\u00e9ger <\/strong><strong>sont en cours de recrutement dans les deux centres parisiens.<\/strong> Ces participants r\u00e9partis al\u00e9atoirement en deux groupes b\u00e9n\u00e9ficieront, l\u2019un du dispositif REGEnLIFE et l\u2019autre d\u2019un dispositif inactif (placebo) pendant 6 mois. Ces patients suivront des s\u00e9ances r\u00e9guli\u00e8res (2 \u00e0 5 fois par semaine) sur 6 mois ; ils seront suivis r\u00e9guli\u00e8rement pendant 12 mois \u00e0 l\u2019h\u00f4pital par l\u2019investigateur et son \u00e9quipe via des \u00e9valuations cliniques, neuropsychologiques et des prises de sang r\u00e9guli\u00e8res. Pour une \u00e9valuation objective, cette \u00e9tude sera men\u00e9e en double aveugle, \u00e0 savoir que ni l\u2019\u00e9quipe m\u00e9dicale, ni le patient ne conna\u00eetra la nature du dispositif employ\u00e9.<\/p>\n<p><strong>Le<\/strong>\u00a0<b>Dr Julien Delrieu<\/b>, <strong>neurog\u00e9riatre au CHU de Toulouse, investigateur principal de l\u2019\u00e9tude Light4Life, explique :<\/strong>\u00a0\u00ab <em>L\u2019essai clinique pivot en cours constitue une avanc\u00e9e majeure pour explorer de nouvelles strat\u00e9gies th\u00e9rapeutiques face \u00e0 la maladie d\u2019Alzheimer. En ciblant \u00e0 la fois le cerveau et l\u2019intestin, cette approche novatrice pourrait am\u00e9liorer durablement la prise en charge de la maladie. L\u2019objectif est d\u2019\u00e9valuer son effet sur la progression des sympt\u00f4mes et la qualit\u00e9 de vie des patients, avec l\u2019espoir de proposer une alternative compl\u00e9mentaire aux traitements existants <\/em>\u00bb.[\/vc_column_text][vc_column_text css=\u00a0\u00bb\u00a0\u00bb]<b>Une technologie innovante, non-invasive et prometteuse dans le traitement de la maladie d\u2019Alzheimer et d\u2019autres maladies neurod\u00e9g\u00e9n\u00e9ratives <\/b>[\/vc_column_text][vc_column_text css=\u00a0\u00bb\u00a0\u00bb]Le dispositif m\u00e9dical de PhotoBioModulation de REGEnLIFE, d\u00e9nomm\u00e9 RGn600, utilise des \u00e9missions photoniques dans le proche infrarouge pour cibler simultan\u00e9ment le cerveau et l\u2019intestin, via un casque et une ceinture abdominale. Ce traitement innovant s\u2019appuie sur les d\u00e9couvertes r\u00e9centes concernant l\u2019axe cerveau-intestin, qui semble jouer un r\u00f4le cl\u00e9 dans la neurod\u00e9g\u00e9n\u00e9rescence.<\/p>\n<p>Un essai clinique pilote men\u00e9 de 2018 \u00e0 2020 chez une cinquantaine de patients \u00e2g\u00e9s de 55 \u00e0 85 ans et atteints d\u2019une maladie d\u2019Alzheimer l\u00e9g\u00e8re \u00e0 mod\u00e9r\u00e9e a d\u00e9montr\u00e9 la s\u00e9curit\u00e9, la facilit\u00e9 d\u2019utilisation du traitement et l\u2019am\u00e9lioration de certaines fonctions cognitives des patients en seulement 2 mois d\u2019intervention, soit un temps tr\u00e8s court compar\u00e9 aux m\u00e9dicaments disponibles sur le march\u00e9 ou en cours de d\u00e9veloppement.<\/p>\n<p>&nbsp;<\/p>\n<p><em>\u00ab Les r\u00e9sultats encourageants de notre essai clinique pilote, publi\u00e9s en 2022 dans le Journal of Alzheimer&rsquo;s Disease, ont d\u00e9montr\u00e9 l\u2019excellente tol\u00e9rance de cette technologie bas\u00e9e sur la PhotoBioModulation cerveau-intestin chez des patients atteints de la maladie d&rsquo;Alzheimer \u00e0 un stade l\u00e9ger \u00e0 mod\u00e9r\u00e9. Ces donn\u00e9es pr\u00e9liminaires sugg\u00e8rent une am\u00e9lioration des fonctions cognitives, renfor\u00e7ant notre conviction que cette approche innovante pourrait offrir une alternative th\u00e9rapeutique prometteuse \u00bb,<\/em> affirme le <strong>Professeur Jacques Touchon<\/strong>, <strong>neurologue, Pr\u00e9sident du conseil scientifique de REGEnLIFE et co-fondateur du CTAD. <\/strong><\/p>\n<p>&nbsp;<\/p>\n<p>Le futur du traitement de la maladie d\u2019Alzheimer associera plusieurs techniques th\u00e9rapeutiques dont probablement la PhotoBioModulation. En 2020, plus de 55 millions de personnes souffraient de d\u00e9mence dans le monde et plus d\u20191,2 million chez les plus de 65 ans en France, constituant un v\u00e9ritable enjeu de sant\u00e9 publique.[\/vc_column_text][vc_column_text css=\u00a0\u00bb\u00a0\u00bb]<b>Renforcer l\u2019inclusion des patients pour d\u00e9velopper de nouvelles approches th\u00e9rapeutiques <\/b>[\/vc_column_text][vc_column_text css=\u00a0\u00bb\u00a0\u00bb]L\u2019ouverture de ces deux nouveaux centres marque une \u00e9tape cruciale dans le d\u00e9veloppement de REGEnLIFE. Cette expansion permettra non seulement d\u2019acc\u00e9l\u00e9rer l\u2019inclusion des patients dans l\u2019\u00e9tude, mais aussi d\u2019enrichir les donn\u00e9es scientifiques sur la PhotoBioModulation appliqu\u00e9e aux maladies neurod\u00e9g\u00e9n\u00e9ratives.<\/p>\n<p>&nbsp;<\/p>\n<p>\u00ab <em>L\u2019acc\u00e9l\u00e9ration du recrutement de patients est indispensable pour finaliser notre essai clinique au plus vite. Lequel permettra, si les r\u00e9sultats sont positifs, la validation de notre technologie comme traitement de la maladie d\u2019Alzheimer. Nous sommes fiers de pouvoir compter sur l\u2019expertise du Pr Paquet et du Dr Seux, qui vont contribuer \u00e0 faire progresser la recherche sur de nouvelles approches th\u00e9rapeutiques contre la maladie d\u2019Alzheimer <\/em>\u00bb, d\u00e9clare <strong>Guillaume Blivet, co-fondateur et Directeur de l\u2019innovation chez REGEnLIFE. <\/strong>[\/vc_column_text][vc_column_text css=\u00a0\u00bb\u00a0\u00bb]<b>Une reconnaissance internationale aupr\u00e8s des leaders de l\u2019innovation<\/b>[\/vc_column_text][vc_column_text css=\u00a0\u00bb\u00a0\u00bb]REGEnLIFE fait partie de l\u2019Alzheimer\u2019s Moonshot, un programme mondial initi\u00e9 par StartUp Health et rejoint par Gates Ventures et l\u2019Azheimer\u2019s Drugs Discovery Foundation (ADDF), pour acc\u00e9l\u00e9rer l\u2019innovation dans la lutte contre la maladie d\u2019Alzheimer. En parall\u00e8le, cette Medtech a pris part aux \u00e9changes de la Social Innovation House et au Davos Alzheimer\u2019s Collaborative \u00e0 la Brain House durant le forum \u00e9conomique mondial de Davos, confirmant ainsi son engagement au plus haut niveau de la recherche et de l\u2019innovation dans le domaine des maladies neurod\u00e9g\u00e9n\u00e9ratives.<\/p>\n<p><strong>\u00a0<\/strong><\/p>\n<p><strong>Les patients int\u00e9ress\u00e9s par l\u2019\u00e9tude peuvent se rapprocher des centres hospitaliers participants pour obtenir plus d\u2019informations sur les crit\u00e8res d\u2019\u00e9ligibilit\u00e9.<\/strong>[\/vc_column_text][vc_column_text css=\u00a0\u00bb\u00a0\u00bb]<a href=\"https:\/\/www.esteval.fr\/article.41820.initiatives-ouverture-de-deux-nouveaux-centres-a-paris-pour-un-essai-clinique-sur-la-maladie\">Lien source<\/a>[\/vc_column_text][\/vc_column_inner][\/vc_row_inner][\/vc_column][\/vc_row]<\/p>\n<\/div>","protected":false},"excerpt":{"rendered":"<p>[vc_row custom_css_code=\u00a0\u00bbLmltZy1ib3JkZXItcmFkaXVzJTIwJTdCJTBBJTIwJTIwJTIwJTIwbWFyZ2luLWJvdHRvbSUzQSUyMDAlMjFpbXBvcnRhbnQlM0IlMEElN0QlMEEuaW1nLWJvcmRlci1yYWRpdXMlMjBpbWclN0IlMEElMjAlMjAlMjAlMjBib3JkZXItcmFkaXVzJTNBJTIwMzNweCUzQiUwQSU3RA==\u00a0\u00bb css=\u00a0\u00bb.vc_custom_1751533504577{padding-bottom: 0px !important;}\u00a0\u00bb][vc_column][vc_row_inner][vc_column_inner][vc_single_image image=\u00a0\u00bb6603&Prime; img_size=\u00a0\u00bbfull\u00a0\u00bb alignment=\u00a0\u00bbcenter\u00a0\u00bb css=\u00a0\u00bb.vc_custom_1773596088788{padding-top: 50px !important;padding-bottom: 0px !important;}\u00a0\u00bb][vc_column_text css=\u00a0\u00bb\u00a0\u00bb] REGEnLIFE, soci\u00e9t\u00e9 fran\u00e7aise sp\u00e9cialis\u00e9e dans la&#8230;<\/p>\n","protected":false},"author":5,"featured_media":6603,"comment_status":"closed","ping_status":"open","sticky":false,"template":"","format":"standard","meta":{"_acf_changed":false,"footnotes":""},"categories":[61],"tags":[79,65],"class_list":{"0":"post-6608","1":"post","2":"type-post","3":"status-publish","4":"format-standard","5":"has-post-thumbnail","7":"category-alzheimer","8":"tag-alzheimer","9":"tag-articles-de-presse"},"acf":[],"menu_order":0,"_links":{"self":[{"href":"https:\/\/regenlife.com\/fr\/wp-json\/wp\/v2\/posts\/6608","targetHints":{"allow":["GET"]}}],"collection":[{"href":"https:\/\/regenlife.com\/fr\/wp-json\/wp\/v2\/posts"}],"about":[{"href":"https:\/\/regenlife.com\/fr\/wp-json\/wp\/v2\/types\/post"}],"author":[{"embeddable":true,"href":"https:\/\/regenlife.com\/fr\/wp-json\/wp\/v2\/users\/5"}],"replies":[{"embeddable":true,"href":"https:\/\/regenlife.com\/fr\/wp-json\/wp\/v2\/comments?post=6608"}],"version-history":[{"count":1,"href":"https:\/\/regenlife.com\/fr\/wp-json\/wp\/v2\/posts\/6608\/revisions"}],"predecessor-version":[{"id":6609,"href":"https:\/\/regenlife.com\/fr\/wp-json\/wp\/v2\/posts\/6608\/revisions\/6609"}],"wp:featuredmedia":[{"embeddable":true,"href":"https:\/\/regenlife.com\/fr\/wp-json\/wp\/v2\/media\/6603"}],"wp:attachment":[{"href":"https:\/\/regenlife.com\/fr\/wp-json\/wp\/v2\/media?parent=6608"}],"wp:term":[{"taxonomy":"category","embeddable":true,"href":"https:\/\/regenlife.com\/fr\/wp-json\/wp\/v2\/categories?post=6608"},{"taxonomy":"post_tag","embeddable":true,"href":"https:\/\/regenlife.com\/fr\/wp-json\/wp\/v2\/tags?post=6608"}],"curies":[{"name":"wp","href":"https:\/\/api.w.org\/{rel}","templated":true}]}}