{"id":6908,"date":"2026-09-02T18:55:54","date_gmt":"2026-09-02T16:55:54","guid":{"rendered":"https:\/\/regenlife.com\/?p=6908"},"modified":"2026-09-02T18:55:54","modified_gmt":"2026-09-02T16:55:54","slug":"the-2060-longevity-forum-2026-aix-en-provence-2-3-septembre","status":"publish","type":"post","link":"https:\/\/regenlife.com\/fr\/2026\/09\/02\/the-2060-longevity-forum-2026-aix-en-provence-2-3-septembre\/","title":{"rendered":"The 2060 Longevity Forum 2026 \u2013 Aix en Provence | 2-3 Septembre"},"content":{"rendered":"<div class=\"wpb-content-wrapper\"><p>[vc_row custom_css_code=\u00a0\u00bbLmltZy1ib3JkZXItcmFkaXVzJTIwJTdCJTBBJTIwJTIwJTIwJTIwbWFyZ2luLWJvdHRvbSUzQSUyMDAlMjFpbXBvcnRhbnQlM0IlMEElN0QlMEEuaW1nLWJvcmRlci1yYWRpdXMlMjBpbWclN0IlMEElMjAlMjAlMjAlMjBib3JkZXItcmFkaXVzJTNBJTIwMzNweCUzQiUwQSU3RA==\u00a0\u00bb css=\u00a0\u00bb.vc_custom_1751533504577{padding-bottom: 0px !important;}\u00a0\u00bb][vc_column css=\u00a0\u00bb.vc_custom_1753254388207{margin-top: 30px !important;margin-bottom: 30px !important;}\u00a0\u00bb][vc_column_text css=\u00a0\u00bb\u00a0\u00bb]<strong><span class=\"break-words tvm-parent-container\"><span dir=\"ltr\"><span class=\"break-words tvm-parent-container\">Participation au <span class=\"break-words tvm-parent-container\"> \u00ab 2060 Longevity Forum \u00bb\u00a0<\/span><\/span><\/span><\/span><\/strong><\/p>\n<div class=\"lRu31\" dir=\"ltr\"><em><span class=\"HwtZe\" lang=\"fr\"><span class=\"jCAhz\"><span class=\"ryNqvb\">Le \u00ab The <span class=\"break-words tvm-parent-container\"><span dir=\"ltr\"><span class=\"break-words tvm-parent-container\">2060 Longevity Forum<\/span><\/span><\/span> \u00bb est le lieu o\u00f9 les investisseurs d\u00e9couvrent la long\u00e9vit\u00e9 !<\/span><\/span>\u00a0<span class=\"jCAhz ChMk0b\"><span class=\"ryNqvb\">Il se tiendra les 2 et 3 septembre dans le sud de la France, l&rsquo;un des plus beaux endroits au monde, r\u00e9put\u00e9 pour son climat propice \u00e0 la long\u00e9vit\u00e9&#8230;\u00a0 Durant cet \u00e9v\u00e8nement REGEnLIFE partagera <\/span><\/span><\/span><span class=\"break-words tvm-parent-container\"><span dir=\"ltr\"><em>sa vision innovante et<span class=\"break-words tvm-parent-container\"> pr\u00e9sentera sa th\u00e9rapie lumineuse r\u00e9volutionnaire non invasive pour traiter la neuroinflammation \u00e0 travers l\u2019axe cerveau-intestin, ainsi que la la d\u00e9pression, les commotions c\u00e9r\u00e9brales et les traumatismes cr\u00e2niens.<\/span><\/em><\/span><\/span><\/em><\/div>\n<div dir=\"ltr\"><\/div>\n<div dir=\"ltr\"><span class=\"b39c4f23 f93f8ece\" tabindex=\"-1\" data-testid=\"expandable-text-box\"><strong>Intervenants<\/strong> : <span class=\"_3097e1cb\">Guillaume Blivet,<\/span><span class=\"_3097e1cb\">Volker Herrmann<\/span><\/span><\/div>\n<p>[\/vc_column_text]<style type=\"text\/css\">.thegem-button-6a9c906775c711978 .gem-button svg {fill: #000000;}.thegem-button-6a9c906775c711978 .gem-button:hover svg {fill: #FFFFFF;}<\/style><div class=\"gem-button-container gem-button-position-left thegem-button-6a9c906775c711978    \"  ><a class=\"gem-button gem-button-size-medium gem-button-style-flat gem-button-text-weight-thin  gem-button-flex\" data-ll-effect=\"drop-right-without-wrap\" style=\"border-radius: 3px;background-color: #69ABB4;color: #000000;\" onmouseleave=\"this.style.backgroundColor='#69ABB4';this.style.color='#000000';\" onmouseenter=\"this.style.color='#FFFFFF';\" href=\"https:\/\/forum.2060.life\/program\" target=\"_blank\"><span class=\"gem-button-text text-body light\">Voir le programme<\/span><\/a><\/div> [\/vc_column][\/vc_row][vc_row][vc_column][vc_single_image image=\u00a0\u00bb6909&Prime; img_size=\u00a0\u00bbfull\u00a0\u00bb css=\u00a0\u00bb\u00a0\u00bb][vc_column_text css=\u00a0\u00bb.vc_custom_1772821030538{margin-top: 30px !important;margin-bottom: 55px !important;}\u00a0\u00bb][\/vc_column_text][vc_row_inner][vc_column_inner][\/vc_column_inner][\/vc_row_inner][\/vc_column][\/vc_row]<\/p>\n<\/div>","protected":false},"excerpt":{"rendered":"<p>[vc_row custom_css_code=\u00a0\u00bbLmltZy1ib3JkZXItcmFkaXVzJTIwJTdCJTBBJTIwJTIwJTIwJTIwbWFyZ2luLWJvdHRvbSUzQSUyMDAlMjFpbXBvcnRhbnQlM0IlMEElN0QlMEEuaW1nLWJvcmRlci1yYWRpdXMlMjBpbWclN0IlMEElMjAlMjAlMjAlMjBib3JkZXItcmFkaXVzJTNBJTIwMzNweCUzQiUwQSU3RA==\u00a0\u00bb css=\u00a0\u00bb.vc_custom_1751533504577{padding-bottom: 0px !important;}\u00a0\u00bb][vc_column css=\u00a0\u00bb.vc_custom_1753254388207{margin-top: 30px !important;margin-bottom: 30px !important;}\u00a0\u00bb][vc_column_text css=\u00a0\u00bb\u00a0\u00bb]Participation au \u00ab 2060 Longevity Forum \u00bb\u00a0 Le \u00ab The&#8230;<\/p>\n","protected":false},"author":5,"featured_media":6909,"comment_status":"closed","ping_status":"open","sticky":false,"template":"","format":"standard","meta":{"_acf_changed":false,"footnotes":"","_members_access_role":[],"_members_access_error":""},"categories":[84,75],"tags":[86],"class_list":["post-6908","post","type-post","status-publish","format-standard","has-post-thumbnail","category-communications-orales","category-passes","tag-evenements"],"acf":[],"menu_order":0,"_links":{"self":[{"href":"https:\/\/regenlife.com\/fr\/wp-json\/wp\/v2\/posts\/6908","targetHints":{"allow":["GET"]}}],"collection":[{"href":"https:\/\/regenlife.com\/fr\/wp-json\/wp\/v2\/posts"}],"about":[{"href":"https:\/\/regenlife.com\/fr\/wp-json\/wp\/v2\/types\/post"}],"author":[{"embeddable":true,"href":"https:\/\/regenlife.com\/fr\/wp-json\/wp\/v2\/users\/5"}],"replies":[{"embeddable":true,"href":"https:\/\/regenlife.com\/fr\/wp-json\/wp\/v2\/comments?post=6908"}],"version-history":[{"count":5,"href":"https:\/\/regenlife.com\/fr\/wp-json\/wp\/v2\/posts\/6908\/revisions"}],"predecessor-version":[{"id":6914,"href":"https:\/\/regenlife.com\/fr\/wp-json\/wp\/v2\/posts\/6908\/revisions\/6914"}],"wp:featuredmedia":[{"embeddable":true,"href":"https:\/\/regenlife.com\/fr\/wp-json\/wp\/v2\/media\/6909"}],"wp:attachment":[{"href":"https:\/\/regenlife.com\/fr\/wp-json\/wp\/v2\/media?parent=6908"}],"wp:term":[{"taxonomy":"category","embeddable":true,"href":"https:\/\/regenlife.com\/fr\/wp-json\/wp\/v2\/categories?post=6908"},{"taxonomy":"post_tag","embeddable":true,"href":"https:\/\/regenlife.com\/fr\/wp-json\/wp\/v2\/tags?post=6908"}],"curies":[{"name":"wp","href":"https:\/\/api.w.org\/{rel}","templated":true}]}}